{"id":134,"date":"2025-11-02T10:33:00","date_gmt":"2025-11-02T10:33:00","guid":{"rendered":"https:\/\/teresamarcelino.pt\/site\/?p=134"},"modified":"2025-11-02T11:15:51","modified_gmt":"2025-11-02T11:15:51","slug":"curriculum","status":"publish","type":"post","link":"https:\/\/teresamarcelino.pt\/site\/?p=134","title":{"rendered":"Curriculum"},"content":{"rendered":"\t\t<div data-elementor-type=\"wp-post\" data-elementor-id=\"134\" class=\"elementor elementor-134\">\n\t\t\t\t\t\t<section class=\"elementor-section elementor-top-section elementor-element elementor-element-e25598c elementor-section-boxed elementor-section-height-default elementor-section-height-default\" data-id=\"e25598c\" data-element_type=\"section\">\n\t\t\t\t\t\t<div class=\"elementor-container elementor-column-gap-default\">\n\t\t\t\t\t<div class=\"elementor-column elementor-col-100 elementor-top-column elementor-element elementor-element-b120e9a\" data-id=\"b120e9a\" data-element_type=\"column\">\n\t\t\t<div class=\"elementor-widget-wrap elementor-element-populated\">\n\t\t\t\t\t\t<div class=\"elementor-element elementor-element-5238ba4 elementor-widget elementor-widget-text-editor\" data-id=\"5238ba4\" data-element_type=\"widget\" data-widget_type=\"text-editor.default\">\n\t\t\t\t<div class=\"elementor-widget-container\">\n\t\t\t\t\t\t\t\t\t<p>O meu Curriculum Vitae Europass re\u00fane o percurso acad\u00e9mico e profissional que tenho vindo a desenvolver na \u00e1rea da Educa\u00e7\u00e3o e Comunica\u00e7\u00e3o Multim\u00e9dia, integrando experi\u00eancias no ensino, design e tecnologias digitais.<br \/>Apresenta as compet\u00eancias t\u00e9cnicas, pedag\u00f3gicas e criativas que caracterizam o meu perfil enquanto t\u00e9cnica especializada, docente e designer gr\u00e1fica, com foco na inova\u00e7\u00e3o, na comunica\u00e7\u00e3o visual e na forma\u00e7\u00e3o digital.<br \/>Este documento reflete o meu compromisso com a aprendizagem cont\u00ednua, a qualidade educativa e a adapta\u00e7\u00e3o \u00e0s novas metodologias de ensino e comunica\u00e7\u00e3o multim\u00e9dia.<\/p><p><!--a=1--><\/p><!--a=1-->\t\t\t\t\t\t\t\t<\/div>\n\t\t\t\t<\/div>\n\t\t\t\t\t<\/div>\n\t\t<\/div>\n\t\t\t\t\t<\/div>\n\t\t<\/section>\n\t\t\t\t<section class=\"elementor-section elementor-top-section elementor-element elementor-element-2f3a5cc elementor-section-boxed elementor-section-height-default elementor-section-height-default\" data-id=\"2f3a5cc\" data-element_type=\"section\">\n\t\t\t\t\t\t<div class=\"elementor-container elementor-column-gap-default\">\n\t\t\t\t\t<div class=\"elementor-column elementor-col-100 elementor-top-column elementor-element elementor-element-0339f7a\" data-id=\"0339f7a\" data-element_type=\"column\">\n\t\t\t<div class=\"elementor-widget-wrap elementor-element-populated\">\n\t\t\t\t\t\t<div class=\"elementor-element elementor-element-a84621a elementor-widget elementor-widget-html\" data-id=\"a84621a\" data-element_type=\"widget\" data-widget_type=\"html.default\">\n\t\t\t\t<div class=\"elementor-widget-container\">\n\t\t\t\t\t<iframe src=\"https:\/\/app.box.com\/embed\/s\/1l075qnues3z9pkpp79gjwz4ac9g82fu?sortColumn=date\" width=\"500\" height=\"400\" frameborder=\"0\" allowfullscreen webkitallowfullscreen msallowfullscreen><\/iframe>\t\t\t\t<\/div>\n\t\t\t\t<\/div>\n\t\t\t\t\t<\/div>\n\t\t<\/div>\n\t\t\t\t\t<\/div>\n\t\t<\/section>\n\t\t\t\t<\/div>\n\t\t","protected":false},"excerpt":{"rendered":"<p>O meu Curriculum Vitae Europass re\u00fane o percurso acad\u00e9mico e profissional que tenho vindo a desenvolver na \u00e1rea da Educa\u00e7\u00e3o e Comunica\u00e7\u00e3o Multim\u00e9dia, integrando experi\u00eancias no ensino, design e tecnologias digitais.<br \/>\nApresenta as compet\u00eancias t\u00e9cnicas, pedag\u00f3gicas e criativas que caracterizam o meu perfil enquanto t\u00e9cnica especializada, docente e designer gr\u00e1fica, com foco na inova\u00e7\u00e3o, na comunica\u00e7\u00e3o visual e na forma\u00e7\u00e3o digital.<br \/>\nEste documento reflete o meu compromisso com a aprendizagem cont\u00ednua, a qualidade educativa e a adapta\u00e7\u00e3o \u00e0s novas metodologias de ensino e comunica\u00e7\u00e3o multim\u00e9dia. <a href=\"https:\/\/teresamarcelino.pt\/site\/?p=134\"> Continue reading <span class=\"meta-nav\">&rarr; <\/span><\/a><\/p>\n","protected":false},"author":1,"featured_media":445,"comment_status":"closed","ping_status":"open","sticky":false,"template":"","format":"standard","meta":{"footnotes":""},"categories":[1],"tags":[],"class_list":["post-134","post","type-post","status-publish","format-standard","has-post-thumbnail","hentry","category-uncategorized"],"_links":{"self":[{"href":"https:\/\/teresamarcelino.pt\/site\/index.php?rest_route=\/wp\/v2\/posts\/134","targetHints":{"allow":["GET"]}}],"collection":[{"href":"https:\/\/teresamarcelino.pt\/site\/index.php?rest_route=\/wp\/v2\/posts"}],"about":[{"href":"https:\/\/teresamarcelino.pt\/site\/index.php?rest_route=\/wp\/v2\/types\/post"}],"author":[{"embeddable":true,"href":"https:\/\/teresamarcelino.pt\/site\/index.php?rest_route=\/wp\/v2\/users\/1"}],"replies":[{"embeddable":true,"href":"https:\/\/teresamarcelino.pt\/site\/index.php?rest_route=%2Fwp%2Fv2%2Fcomments&post=134"}],"version-history":[{"count":8,"href":"https:\/\/teresamarcelino.pt\/site\/index.php?rest_route=\/wp\/v2\/posts\/134\/revisions"}],"predecessor-version":[{"id":453,"href":"https:\/\/teresamarcelino.pt\/site\/index.php?rest_route=\/wp\/v2\/posts\/134\/revisions\/453"}],"wp:featuredmedia":[{"embeddable":true,"href":"https:\/\/teresamarcelino.pt\/site\/index.php?rest_route=\/wp\/v2\/media\/445"}],"wp:attachment":[{"href":"https:\/\/teresamarcelino.pt\/site\/index.php?rest_route=%2Fwp%2Fv2%2Fmedia&parent=134"}],"wp:term":[{"taxonomy":"category","embeddable":true,"href":"https:\/\/teresamarcelino.pt\/site\/index.php?rest_route=%2Fwp%2Fv2%2Fcategories&post=134"},{"taxonomy":"post_tag","embeddable":true,"href":"https:\/\/teresamarcelino.pt\/site\/index.php?rest_route=%2Fwp%2Fv2%2Ftags&post=134"}],"curies":[{"name":"wp","href":"https:\/\/api.w.org\/{rel}","templated":true}]}}