{"id":146,"date":"2025-11-02T10:51:00","date_gmt":"2025-11-02T10:51:00","guid":{"rendered":"https:\/\/teresamarcelino.pt\/site\/?p=146"},"modified":"2025-11-02T11:08:58","modified_gmt":"2025-11-02T11:08:58","slug":"portefolio","status":"publish","type":"post","link":"https:\/\/teresamarcelino.pt\/site\/?p=146","title":{"rendered":"Portef\u00f3lio"},"content":{"rendered":"\t\t<div data-elementor-type=\"wp-post\" data-elementor-id=\"146\" class=\"elementor elementor-146\">\n\t\t\t\t\t\t<section class=\"elementor-section elementor-top-section elementor-element elementor-element-f859cf4 elementor-section-boxed elementor-section-height-default elementor-section-height-default\" data-id=\"f859cf4\" data-element_type=\"section\">\n\t\t\t\t\t\t<div class=\"elementor-container elementor-column-gap-default\">\n\t\t\t\t\t<div class=\"elementor-column elementor-col-100 elementor-top-column elementor-element elementor-element-af12950\" data-id=\"af12950\" data-element_type=\"column\">\n\t\t\t<div class=\"elementor-widget-wrap elementor-element-populated\">\n\t\t\t\t\t\t<div class=\"elementor-element elementor-element-921381a elementor-widget elementor-widget-html\" data-id=\"921381a\" data-element_type=\"widget\" data-widget_type=\"html.default\">\n\t\t\t\t<div class=\"elementor-widget-container\">\n\t\t\t\t\t<iframe src=\"https:\/\/app.box.com\/embed\/s\/9y9xf07pkigyme1h562gnedmpkt37ago?sortColumn=date\" width=\"500\" height=\"400\" frameborder=\"0\" allowfullscreen webkitallowfullscreen msallowfullscreen><\/iframe>\t\t\t\t<\/div>\n\t\t\t\t<\/div>\n\t\t\t\t\t<\/div>\n\t\t<\/div>\n\t\t\t\t\t<\/div>\n\t\t<\/section>\n\t\t\t\t<\/div>\n\t\t","protected":false},"excerpt":{"rendered":"<p>O meu percurso profissional reflete uma s\u00f3lida experi\u00eancia na \u00e1rea da Educa\u00e7\u00e3o e Comunica\u00e7\u00e3o Multim\u00e9dia, com v\u00e1rios anos dedicados ao ensino, \u00e0 forma\u00e7\u00e3o e ao desenvolvimento de projetos criativos e tecnol\u00f3gicos.<br \/>\nNeste portef\u00f3lio apresento o meu trajeto acad\u00e9mico e profissional, destacando o trabalho desenvolvido como t\u00e9cnica especializada em multim\u00e9dia, docente e designer gr\u00e1fica, bem como as principais compet\u00eancias digitais e pedag\u00f3gicas que tenho vindo a consolidar ao longo dos anos.<br \/>\nApresento um documento onde inclui exemplos de projetos, forma\u00e7\u00f5es e certifica\u00e7\u00f5es relevantes que demonstram o meu compromisso com a inova\u00e7\u00e3o, o design e a educa\u00e7\u00e3o digital. <a href=\"https:\/\/teresamarcelino.pt\/site\/?p=146\"> Continue reading <span class=\"meta-nav\">&rarr; <\/span><\/a><\/p>\n","protected":false},"author":1,"featured_media":444,"comment_status":"closed","ping_status":"closed","sticky":false,"template":"","format":"standard","meta":{"footnotes":""},"categories":[1],"tags":[],"class_list":["post-146","post","type-post","status-publish","format-standard","has-post-thumbnail","hentry","category-uncategorized"],"_links":{"self":[{"href":"https:\/\/teresamarcelino.pt\/site\/index.php?rest_route=\/wp\/v2\/posts\/146","targetHints":{"allow":["GET"]}}],"collection":[{"href":"https:\/\/teresamarcelino.pt\/site\/index.php?rest_route=\/wp\/v2\/posts"}],"about":[{"href":"https:\/\/teresamarcelino.pt\/site\/index.php?rest_route=\/wp\/v2\/types\/post"}],"author":[{"embeddable":true,"href":"https:\/\/teresamarcelino.pt\/site\/index.php?rest_route=\/wp\/v2\/users\/1"}],"replies":[{"embeddable":true,"href":"https:\/\/teresamarcelino.pt\/site\/index.php?rest_route=%2Fwp%2Fv2%2Fcomments&post=146"}],"version-history":[{"count":11,"href":"https:\/\/teresamarcelino.pt\/site\/index.php?rest_route=\/wp\/v2\/posts\/146\/revisions"}],"predecessor-version":[{"id":443,"href":"https:\/\/teresamarcelino.pt\/site\/index.php?rest_route=\/wp\/v2\/posts\/146\/revisions\/443"}],"wp:featuredmedia":[{"embeddable":true,"href":"https:\/\/teresamarcelino.pt\/site\/index.php?rest_route=\/wp\/v2\/media\/444"}],"wp:attachment":[{"href":"https:\/\/teresamarcelino.pt\/site\/index.php?rest_route=%2Fwp%2Fv2%2Fmedia&parent=146"}],"wp:term":[{"taxonomy":"category","embeddable":true,"href":"https:\/\/teresamarcelino.pt\/site\/index.php?rest_route=%2Fwp%2Fv2%2Fcategories&post=146"},{"taxonomy":"post_tag","embeddable":true,"href":"https:\/\/teresamarcelino.pt\/site\/index.php?rest_route=%2Fwp%2Fv2%2Ftags&post=146"}],"curies":[{"name":"wp","href":"https:\/\/api.w.org\/{rel}","templated":true}]}}